{"id":62548,"date":"2026-04-17T14:03:02","date_gmt":"2026-04-17T14:03:02","guid":{"rendered":"https:\/\/checkjenieuws.nl\/?p=62548"},"modified":"2026-04-17T14:03:02","modified_gmt":"2026-04-17T14:03:02","slug":"saoedi-arabie-ontslaat-bondscoach-herve-renard-twee-maanden-voor-start-wk","status":"publish","type":"post","link":"https:\/\/checkjenieuws.nl\/?p=62548","title":{"rendered":"Saoedi-Arabi\u00eb ontslaat bondscoach Herv\u00e9 Renard twee maanden voor start WK"},"content":{"rendered":"<div>Herv\u00e9 Renard is twee maanden voor het WK ontslagen als bondscoach van Saoedi-Arabi\u00eb. De 57-jarige Fransman was sinds 2024 in functie.<\/div>\n","protected":false},"excerpt":{"rendered":"<p>Herv\u00e9 Renard is twee maanden voor het WK ontslagen als bondscoach van Saoedi-Arabi\u00eb. De 57-jarige Fransman was sinds 2024 in functie.<\/p>\n","protected":false},"author":1,"featured_media":0,"comment_status":"closed","ping_status":"closed","sticky":false,"template":"","format":"standard","meta":{"footnotes":""},"categories":[1],"tags":[],"_links":{"self":[{"href":"https:\/\/checkjenieuws.nl\/index.php?rest_route=\/wp\/v2\/posts\/62548"}],"collection":[{"href":"https:\/\/checkjenieuws.nl\/index.php?rest_route=\/wp\/v2\/posts"}],"about":[{"href":"https:\/\/checkjenieuws.nl\/index.php?rest_route=\/wp\/v2\/types\/post"}],"author":[{"embeddable":true,"href":"https:\/\/checkjenieuws.nl\/index.php?rest_route=\/wp\/v2\/users\/1"}],"replies":[{"embeddable":true,"href":"https:\/\/checkjenieuws.nl\/index.php?rest_route=%2Fwp%2Fv2%2Fcomments&post=62548"}],"version-history":[{"count":0,"href":"https:\/\/checkjenieuws.nl\/index.php?rest_route=\/wp\/v2\/posts\/62548\/revisions"}],"wp:attachment":[{"href":"https:\/\/checkjenieuws.nl\/index.php?rest_route=%2Fwp%2Fv2%2Fmedia&parent=62548"}],"wp:term":[{"taxonomy":"category","embeddable":true,"href":"https:\/\/checkjenieuws.nl\/index.php?rest_route=%2Fwp%2Fv2%2Fcategories&post=62548"},{"taxonomy":"post_tag","embeddable":true,"href":"https:\/\/checkjenieuws.nl\/index.php?rest_route=%2Fwp%2Fv2%2Ftags&post=62548"}],"curies":[{"name":"wp","href":"https:\/\/api.w.org\/{rel}","templated":true}]}}